{"id":2329,"date":"2024-09-30T15:29:31","date_gmt":"2024-09-30T13:29:31","guid":{"rendered":"http:\/\/veroniquebunner.immo\/?p=18"},"modified":"2024-09-23T15:40:22","modified_gmt":"2024-09-23T13:40:22","slug":"limportance-centrale-des-cuisines-dans-une-maison","status":"publish","type":"post","link":"https:\/\/veroniquebunner.immo\/?p=2329","title":{"rendered":"L&rsquo;Importance Centrale des Cuisines dans une Maison\u00a0"},"content":{"rendered":"\r\n<p><strong>Chers lecteurs,<\/strong><\/p>\r\n<p><strong> Abordons ce vaste sujet qu\u2019est la cuisine , La Diversit\u00e9 des Go\u00fbts et des Couleurs<\/strong><\/p>\r\n<p>\r\n\r\n<\/p>\r\n<p>La cuisine est bien plus qu&rsquo;une simple pi\u00e8ce dans une maison ; elle est le c\u0153ur battant de la vie domestique, le lieu o\u00f9 se pr\u00e9parent les repas, o\u00f9 se partagent les moments de convivialit\u00e9 et o\u00f9 se tissent des souvenirs inoubliables. Son importance ne peut \u00eatre surestim\u00e9e, et pourtant, la diversit\u00e9 des go\u00fbts et des couleurs qui la caract\u00e9rise est souvent source de d\u00e9bats et de divergences. Mais finalement, n&rsquo;est-ce pas l\u00e0 une partie de son charme ?<\/p>\r\n<p><img decoding=\"async\" class=\"lazyload wp-image-2896 aligncenter\" src=\"http:\/\/veroniquebunner.immo\/wp-content\/uploads\/2024\/09\/cuisine-desing-300x200.jpg\" data-orig-src=\"http:\/\/veroniquebunner.immo\/wp-content\/uploads\/2024\/09\/cuisine-desing-300x200.jpg\" alt=\"\" width=\"405\" height=\"270\" srcset=\"data:image\/svg+xml,%3Csvg%20xmlns%3D%27http%3A%2F%2Fwww.w3.org%2F2000%2Fsvg%27%20width%3D%27405%27%20height%3D%27270%27%20viewBox%3D%270%200%20405%20270%27%3E%3Crect%20width%3D%27405%27%20height%3D%27270%27%20fill-opacity%3D%220%22%2F%3E%3C%2Fsvg%3E\" data-srcset=\"https:\/\/veroniquebunner.immo\/wp-content\/uploads\/2024\/09\/cuisine-desing-66x44.jpg 66w, https:\/\/veroniquebunner.immo\/wp-content\/uploads\/2024\/09\/cuisine-desing-177x118.jpg 177w, https:\/\/veroniquebunner.immo\/wp-content\/uploads\/2024\/09\/cuisine-desing-200x133.jpg 200w, https:\/\/veroniquebunner.immo\/wp-content\/uploads\/2024\/09\/cuisine-desing-300x200.jpg 300w, https:\/\/veroniquebunner.immo\/wp-content\/uploads\/2024\/09\/cuisine-desing-320x213.jpg 320w, https:\/\/veroniquebunner.immo\/wp-content\/uploads\/2024\/09\/cuisine-desing-400x267.jpg 400w, https:\/\/veroniquebunner.immo\/wp-content\/uploads\/2024\/09\/cuisine-desing-460x307.jpg 460w, https:\/\/veroniquebunner.immo\/wp-content\/uploads\/2024\/09\/cuisine-desing-540x360.jpg 540w, https:\/\/veroniquebunner.immo\/wp-content\/uploads\/2024\/09\/cuisine-desing-600x400.jpg 600w, https:\/\/veroniquebunner.immo\/wp-content\/uploads\/2024\/09\/cuisine-desing.jpg 612w\" data-sizes=\"auto\" data-orig-sizes=\"(max-width: 405px) 100vw, 405px\" \/><\/p>\r\n<p>\r\n\r\n<\/p>\r\n<p><strong>Le Centre N\u00e9vralgique de la Vie Familiale :<\/strong><\/p>\r\n<p>\r\n\r\n<\/p>\r\n<p>La cuisine est bien souvent le point de convergence de la vie familiale. C&rsquo;est l\u00e0 que d\u00e9bute chaque journ\u00e9e, avec le rituel matinal du petit d\u00e9jeuner, et que se terminent les soir\u00e9es autour d&rsquo;un repas partag\u00e9. Les discussions anim\u00e9es, les rires, les r\u00e9cits de la journ\u00e9e se m\u00ealent aux odeurs all\u00e9chantes des plats en pr\u00e9paration, cr\u00e9ant une atmosph\u00e8re unique et chaleureuse.<\/p>\r\n<p><img decoding=\"async\" class=\"lazyload wp-image-2903 aligncenter\" src=\"http:\/\/veroniquebunner.immo\/wp-content\/uploads\/2024\/09\/cuisine-stare-300x200.jpg\" data-orig-src=\"http:\/\/veroniquebunner.immo\/wp-content\/uploads\/2024\/09\/cuisine-stare-300x200.jpg\" alt=\"\" width=\"424\" height=\"282\" srcset=\"data:image\/svg+xml,%3Csvg%20xmlns%3D%27http%3A%2F%2Fwww.w3.org%2F2000%2Fsvg%27%20width%3D%27424%27%20height%3D%27282%27%20viewBox%3D%270%200%20424%20282%27%3E%3Crect%20width%3D%27424%27%20height%3D%27282%27%20fill-opacity%3D%220%22%2F%3E%3C%2Fsvg%3E\" data-srcset=\"https:\/\/veroniquebunner.immo\/wp-content\/uploads\/2024\/09\/cuisine-stare-66x44.jpg 66w, https:\/\/veroniquebunner.immo\/wp-content\/uploads\/2024\/09\/cuisine-stare-177x118.jpg 177w, https:\/\/veroniquebunner.immo\/wp-content\/uploads\/2024\/09\/cuisine-stare-200x133.jpg 200w, https:\/\/veroniquebunner.immo\/wp-content\/uploads\/2024\/09\/cuisine-stare-300x200.jpg 300w, https:\/\/veroniquebunner.immo\/wp-content\/uploads\/2024\/09\/cuisine-stare-320x213.jpg 320w, https:\/\/veroniquebunner.immo\/wp-content\/uploads\/2024\/09\/cuisine-stare-400x267.jpg 400w, https:\/\/veroniquebunner.immo\/wp-content\/uploads\/2024\/09\/cuisine-stare-460x307.jpg 460w, https:\/\/veroniquebunner.immo\/wp-content\/uploads\/2024\/09\/cuisine-stare-540x360.jpg 540w, https:\/\/veroniquebunner.immo\/wp-content\/uploads\/2024\/09\/cuisine-stare-600x400.jpg 600w, https:\/\/veroniquebunner.immo\/wp-content\/uploads\/2024\/09\/cuisine-stare.jpg 612w\" data-sizes=\"auto\" data-orig-sizes=\"(max-width: 424px) 100vw, 424px\" \/><\/p>\r\n<p>\r\n\r\n<\/p>\r\n<p>&nbsp;<\/p>\r\n<p>\r\n\r\n<\/p>\r\n<p><strong>Un Lieu de Cr\u00e9ativit\u00e9 et de Partage :<\/strong><\/p>\r\n<p>\r\n\r\n<\/p>\r\n<p>La cuisine est \u00e9galement un espace de cr\u00e9ativit\u00e9 et d&rsquo;expression personnelle. C&rsquo;est l\u00e0 que chacun peut laisser libre cours \u00e0 ses talents culinaires, exp\u00e9rimenter de nouvelles recettes et partager ses d\u00e9couvertes avec ses proches. Qu&rsquo;il s&rsquo;agisse de pr\u00e9parer un repas familial traditionnel ou d&rsquo;explorer des saveurs exotiques, la cuisine est le terrain de jeu id\u00e9al pour stimuler les sens et \u00e9veiller les papilles.<\/p>\r\n<p><img decoding=\"async\" class=\"lazyload wp-image-2898 aligncenter\" src=\"http:\/\/veroniquebunner.immo\/wp-content\/uploads\/2024\/09\/cuisine-ouverte-300x200.jpeg\" data-orig-src=\"http:\/\/veroniquebunner.immo\/wp-content\/uploads\/2024\/09\/cuisine-ouverte-300x200.jpeg\" alt=\"\" width=\"454\" height=\"302\" srcset=\"data:image\/svg+xml,%3Csvg%20xmlns%3D%27http%3A%2F%2Fwww.w3.org%2F2000%2Fsvg%27%20width%3D%27454%27%20height%3D%27302%27%20viewBox%3D%270%200%20454%20302%27%3E%3Crect%20width%3D%27454%27%20height%3D%27302%27%20fill-opacity%3D%220%22%2F%3E%3C%2Fsvg%3E\" data-srcset=\"https:\/\/veroniquebunner.immo\/wp-content\/uploads\/2024\/09\/cuisine-ouverte-66x44.jpeg 66w, https:\/\/veroniquebunner.immo\/wp-content\/uploads\/2024\/09\/cuisine-ouverte-177x118.jpeg 177w, https:\/\/veroniquebunner.immo\/wp-content\/uploads\/2024\/09\/cuisine-ouverte-200x133.jpeg 200w, https:\/\/veroniquebunner.immo\/wp-content\/uploads\/2024\/09\/cuisine-ouverte-300x200.jpeg 300w, https:\/\/veroniquebunner.immo\/wp-content\/uploads\/2024\/09\/cuisine-ouverte-320x213.jpeg 320w, https:\/\/veroniquebunner.immo\/wp-content\/uploads\/2024\/09\/cuisine-ouverte-400x267.jpeg 400w, https:\/\/veroniquebunner.immo\/wp-content\/uploads\/2024\/09\/cuisine-ouverte-460x307.jpeg 460w, https:\/\/veroniquebunner.immo\/wp-content\/uploads\/2024\/09\/cuisine-ouverte-540x360.jpeg 540w, https:\/\/veroniquebunner.immo\/wp-content\/uploads\/2024\/09\/cuisine-ouverte-600x400.jpeg 600w, https:\/\/veroniquebunner.immo\/wp-content\/uploads\/2024\/09\/cuisine-ouverte-669x446.jpeg 669w, https:\/\/veroniquebunner.immo\/wp-content\/uploads\/2024\/09\/cuisine-ouverte-700x467.jpeg 700w, https:\/\/veroniquebunner.immo\/wp-content\/uploads\/2024\/09\/cuisine-ouverte-768x512.jpeg 768w, https:\/\/veroniquebunner.immo\/wp-content\/uploads\/2024\/09\/cuisine-ouverte-800x534.jpeg 800w, https:\/\/veroniquebunner.immo\/wp-content\/uploads\/2024\/09\/cuisine-ouverte-940x627.jpeg 940w, https:\/\/veroniquebunner.immo\/wp-content\/uploads\/2024\/09\/cuisine-ouverte-1024x683.jpeg 1024w, https:\/\/veroniquebunner.immo\/wp-content\/uploads\/2024\/09\/cuisine-ouverte-1200x800.jpeg 1200w, https:\/\/veroniquebunner.immo\/wp-content\/uploads\/2024\/09\/cuisine-ouverte-1536x1024.jpeg 1536w, https:\/\/veroniquebunner.immo\/wp-content\/uploads\/2024\/09\/cuisine-ouverte.jpeg 1600w\" data-sizes=\"auto\" data-orig-sizes=\"(max-width: 454px) 100vw, 454px\" \/><\/p>\r\n<p>\r\n\r\n<\/p>\r\n<p><strong>La Diversit\u00e9 des Go\u00fbts et des Couleurs :<\/strong><\/p>\r\n<p>\r\n\r\n<\/p>\r\n<p>Cependant, la diversit\u00e9 des go\u00fbts et des couleurs ne fait pas toujours l&rsquo;unanimit\u00e9. Les pr\u00e9f\u00e9rences en mati\u00e8re de d\u00e9coration, de disposition et m\u00eame de choix des \u00e9quipements peuvent varier consid\u00e9rablement d&rsquo;une personne \u00e0 l&rsquo;autre. Certains pr\u00e9f\u00e9reront une cuisine moderne et \u00e9pur\u00e9e, tandis que d&rsquo;autres opteront pour un style plus rustique et traditionnel. Mais n&rsquo;est-ce pas l\u00e0 que r\u00e9side toute la richesse de la vie en soci\u00e9t\u00e9 ?<\/p>\r\n<p><img decoding=\"async\" class=\"lazyload  wp-image-2899 aligncenter\" src=\"http:\/\/veroniquebunner.immo\/wp-content\/uploads\/2024\/09\/cuisnes-desing-300x169.jpg\" data-orig-src=\"http:\/\/veroniquebunner.immo\/wp-content\/uploads\/2024\/09\/cuisnes-desing-300x169.jpg\" alt=\"\" width=\"481\" height=\"271\" srcset=\"data:image\/svg+xml,%3Csvg%20xmlns%3D%27http%3A%2F%2Fwww.w3.org%2F2000%2Fsvg%27%20width%3D%27481%27%20height%3D%27271%27%20viewBox%3D%270%200%20481%20271%27%3E%3Crect%20width%3D%27481%27%20height%3D%27271%27%20fill-opacity%3D%220%22%2F%3E%3C%2Fsvg%3E\" data-srcset=\"https:\/\/veroniquebunner.immo\/wp-content\/uploads\/2024\/09\/cuisnes-desing-66x37.jpg 66w, https:\/\/veroniquebunner.immo\/wp-content\/uploads\/2024\/09\/cuisnes-desing-177x99.jpg 177w, https:\/\/veroniquebunner.immo\/wp-content\/uploads\/2024\/09\/cuisnes-desing-200x112.jpg 200w, https:\/\/veroniquebunner.immo\/wp-content\/uploads\/2024\/09\/cuisnes-desing-300x169.jpg 300w, https:\/\/veroniquebunner.immo\/wp-content\/uploads\/2024\/09\/cuisnes-desing-320x180.jpg 320w, https:\/\/veroniquebunner.immo\/wp-content\/uploads\/2024\/09\/cuisnes-desing-400x225.jpg 400w, https:\/\/veroniquebunner.immo\/wp-content\/uploads\/2024\/09\/cuisnes-desing-460x259.jpg 460w, https:\/\/veroniquebunner.immo\/wp-content\/uploads\/2024\/09\/cuisnes-desing-540x304.jpg 540w, https:\/\/veroniquebunner.immo\/wp-content\/uploads\/2024\/09\/cuisnes-desing-600x337.jpg 600w, https:\/\/veroniquebunner.immo\/wp-content\/uploads\/2024\/09\/cuisnes-desing.jpg 612w\" data-sizes=\"auto\" data-orig-sizes=\"(max-width: 481px) 100vw, 481px\" \/><\/p>\r\n<p>\r\n\r\n<\/p>\r\n<p>&nbsp;<\/p>\r\n<p><strong>La Beaut\u00e9 de la Diversit\u00e9 :<\/strong><\/p>\r\n<p>\r\n\r\n<\/p>\r\n<p>En fin de compte, ce qui importe le plus dans une cuisine, c&rsquo;est qu&rsquo;elle refl\u00e8te l&rsquo;identit\u00e9 et les valeurs de ceux qui l&rsquo;habitent. Qu&rsquo;elle soit petite ou grande, classique ou contemporaine, l&rsquo;essentiel est qu&rsquo;elle soit fonctionnelle, accueillante et \u00e0 l&rsquo;image de ceux qui s&rsquo;y retrouvent. Car au-del\u00e0 des divergences esth\u00e9tiques, c&rsquo;est l&rsquo;harmonie et le bonheur partag\u00e9 qui font la v\u00e9ritable beaut\u00e9 d&rsquo;une cuisine.<\/p>\r\n<p><img decoding=\"async\" class=\"lazyload  wp-image-2900 aligncenter\" src=\"http:\/\/veroniquebunner.immo\/wp-content\/uploads\/2024\/09\/cuisine-independente-300x199.jpeg\" data-orig-src=\"http:\/\/veroniquebunner.immo\/wp-content\/uploads\/2024\/09\/cuisine-independente-300x199.jpeg\" alt=\"\" width=\"494\" height=\"328\" srcset=\"data:image\/svg+xml,%3Csvg%20xmlns%3D%27http%3A%2F%2Fwww.w3.org%2F2000%2Fsvg%27%20width%3D%27494%27%20height%3D%27328%27%20viewBox%3D%270%200%20494%20328%27%3E%3Crect%20width%3D%27494%27%20height%3D%27328%27%20fill-opacity%3D%220%22%2F%3E%3C%2Fsvg%3E\" data-srcset=\"https:\/\/veroniquebunner.immo\/wp-content\/uploads\/2024\/09\/cuisine-independente-66x44.jpeg 66w, https:\/\/veroniquebunner.immo\/wp-content\/uploads\/2024\/09\/cuisine-independente-177x118.jpeg 177w, https:\/\/veroniquebunner.immo\/wp-content\/uploads\/2024\/09\/cuisine-independente-200x133.jpeg 200w, https:\/\/veroniquebunner.immo\/wp-content\/uploads\/2024\/09\/cuisine-independente-300x199.jpeg 300w, https:\/\/veroniquebunner.immo\/wp-content\/uploads\/2024\/09\/cuisine-independente-320x213.jpeg 320w, https:\/\/veroniquebunner.immo\/wp-content\/uploads\/2024\/09\/cuisine-independente-400x266.jpeg 400w, https:\/\/veroniquebunner.immo\/wp-content\/uploads\/2024\/09\/cuisine-independente-460x306.jpeg 460w, https:\/\/veroniquebunner.immo\/wp-content\/uploads\/2024\/09\/cuisine-independente-540x359.jpeg 540w, https:\/\/veroniquebunner.immo\/wp-content\/uploads\/2024\/09\/cuisine-independente-600x399.jpeg 600w, https:\/\/veroniquebunner.immo\/wp-content\/uploads\/2024\/09\/cuisine-independente-669x444.jpeg 669w, https:\/\/veroniquebunner.immo\/wp-content\/uploads\/2024\/09\/cuisine-independente-700x465.jpeg 700w, https:\/\/veroniquebunner.immo\/wp-content\/uploads\/2024\/09\/cuisine-independente-768x510.jpeg 768w, https:\/\/veroniquebunner.immo\/wp-content\/uploads\/2024\/09\/cuisine-independente-800x532.jpeg 800w, https:\/\/veroniquebunner.immo\/wp-content\/uploads\/2024\/09\/cuisine-independente-940x625.jpeg 940w, https:\/\/veroniquebunner.immo\/wp-content\/uploads\/2024\/09\/cuisine-independente-1024x680.jpeg 1024w, https:\/\/veroniquebunner.immo\/wp-content\/uploads\/2024\/09\/cuisine-independente-1200x797.jpeg 1200w, https:\/\/veroniquebunner.immo\/wp-content\/uploads\/2024\/09\/cuisine-independente-1536x1020.jpeg 1536w, https:\/\/veroniquebunner.immo\/wp-content\/uploads\/2024\/09\/cuisine-independente.jpeg 1600w\" data-sizes=\"auto\" data-orig-sizes=\"(max-width: 494px) 100vw, 494px\" \/><\/p>\r\n<p>\r\n\r\n<\/p>\r\n<p><strong>Concernant les couleurs que disent les d\u00e9corateurs\u00a0:<\/strong><\/p>\r\n<p>\r\n\r\n<\/p>\r\n<p>Le choix des couleurs pour une cuisine d\u00e9pend largement du style que vous souhaitez cr\u00e9er et de vos pr\u00e9f\u00e9rences personnelles. Cependant, certaines couleurs sont couramment recommand\u00e9es pour les cuisines en raison de leur capacit\u00e9 \u00e0 cr\u00e9er diff\u00e9rentes ambiances et \u00e0 r\u00e9pondre \u00e0 divers besoins. Voici quelques options populaires :<\/p>\r\n<p>\r\n\r\n<\/p>\r\n<ol class=\"wp-block-list\">\r\n<li><strong>Blanc :<\/strong>\u00a0Le blanc est une couleur classique et polyvalente qui donne une impression de propret\u00e9, d&rsquo;espace et de luminosit\u00e9. Il convient particuli\u00e8rement aux petites cuisines, car il peut aider \u00e0 les agrandir visuellement. Le blanc peut \u00eatre utilis\u00e9 seul ou associ\u00e9 \u00e0 d&rsquo;autres couleurs pour un look moderne et \u00e9pur\u00e9.<\/li>\r\n\r\n\r\n\r\n<li><strong>Gris :<\/strong>\u00a0Le gris est une couleur neutre qui s&rsquo;adapte bien \u00e0 une vari\u00e9t\u00e9 de styles, du contemporain au traditionnel. Il apporte une touche d&rsquo;\u00e9l\u00e9gance et de sophistication \u00e0 la cuisine tout en cr\u00e9ant une ambiance chaleureuse et accueillante. Les nuances de gris, comme le gris perle ou le gris ardoise, sont populaires pour les armoires et les murs.<\/li>\r\n\r\n\r\n\r\n<li><strong>Bleu :<\/strong>\u00a0Le bleu est une couleur apaisante qui peut \u00e9voquer la tranquillit\u00e9 et la fra\u00eecheur. Des tons de bleu clair, comme le bleu ciel ou le bleu turquoise, peuvent donner \u00e0 la cuisine une ambiance l\u00e9g\u00e8re et a\u00e9r\u00e9e, tandis que des nuances plus fonc\u00e9es, comme le bleu marine ou le bleu p\u00e9trole, ajoutent une touche de sophistication et de modernit\u00e9.<\/li>\r\n\r\n\r\n\r\n<li><strong>Vert :<\/strong>\u00a0Le vert est une couleur associ\u00e9e \u00e0 la nature et \u00e0 la fra\u00eecheur, ce qui en fait un choix populaire pour les cuisines. Des teintes de vert douces, comme le vert olive ou le vert sauge, apportent une sensation de calme et de bien-\u00eatre, tandis que des verts plus vifs, comme le vert pomme ou le vert \u00e9meraude, ajoutent une touche de vitalit\u00e9 et de dynamisme.<\/li>\r\n\r\n\r\n\r\n<li><strong>Beige ou Taupe :<\/strong>\u00a0Les tons de beige ou de taupe sont des options s\u00fbres pour une cuisine intemporelle et \u00e9l\u00e9gante. Ils cr\u00e9ent une ambiance chaleureuse et accueillante tout en s&rsquo;harmonisant facilement avec d&rsquo;autres couleurs et mat\u00e9riaux. Le beige est \u00e9galement id\u00e9al pour mettre en valeur les d\u00e9tails architecturaux et les accessoires de cuisine.<\/li>\r\n<\/ol>\r\n<p>\r\n\r\n<\/p>\r\n<p>En fin de compte, le choix des couleurs pour votre cuisine d\u00e9pend de vos pr\u00e9f\u00e9rences personnelles, du style de votre maison et de l&rsquo;ambiance que vous souhaitez cr\u00e9er. N&rsquo;h\u00e9sitez pas \u00e0 exp\u00e9rimenter avec diff\u00e9rentes combinaisons de couleurs pour trouver celle qui correspond le mieux \u00e0 votre vision et \u00e0 votre style de vie.<\/p>\r\n<p>\r\n\r\n<\/p>\r\n<p><strong>Et concernant la tendance d\u2019associer les mat\u00e9riaux\u00a0:<\/strong><\/p>\r\n<p>\r\n\r\n<\/p>\r\n<p>Pour la cuisine, l&rsquo;association de mat\u00e9riaux nobles peut apporter une touche d&rsquo;\u00e9l\u00e9gance, de sophistication et de durabilit\u00e9 \u00e0 l&rsquo;espace. Voici quelques associations de mat\u00e9riaux nobles couramment utilis\u00e9es dans les cuisines :<\/p>\r\n<p>\r\n\r\n<\/p>\r\n<ol class=\"wp-block-list\">\r\n<li><strong>Bois et Marbre :<\/strong>\u00a0L&rsquo;association du bois naturel et du marbre cr\u00e9e un contraste raffin\u00e9 entre la chaleur du bois et la sophistication du marbre. Par exemple, des armoires en bois massif associ\u00e9es \u00e0 un plan de travail en marbre apportent une touche d&rsquo;\u00e9l\u00e9gance intemporelle \u00e0 la cuisine.<\/li>\r\n\r\n\r\n\r\n<li><strong>Acier Inoxydable et Pierre Naturelle :<\/strong>\u00a0L&rsquo;acier inoxydable est souvent associ\u00e9 \u00e0 des mat\u00e9riaux naturels tels que la pierre naturelle (comme le granit ou le quartz) pour cr\u00e9er une esth\u00e9tique moderne et industrielle. Cette combinaison offre \u00e9galement une grande durabilit\u00e9 et r\u00e9sistance aux surfaces de travail.<\/li>\r\n\r\n\r\n\r\n<li><strong>Verre et Acier :<\/strong>\u00a0L&rsquo;association du verre et de l&rsquo;acier cr\u00e9e un look contemporain et \u00e9pur\u00e9 dans la cuisine. Par exemple, des armoires en acier avec des portes en verre d\u00e9poli ajoutent une touche de modernit\u00e9 tout en permettant de mettre en valeur la vaisselle et les ustensiles de cuisine.<\/li>\r\n\r\n\r\n\r\n<li><strong>Cuivre et B\u00e9ton :<\/strong>\u00a0Le cuivre apporte une touche de chaleur et de brillance \u00e0 la cuisine, tandis que le b\u00e9ton apporte une esth\u00e9tique brute et industrielle. Cette combinaison cr\u00e9e un contraste int\u00e9ressant entre les mat\u00e9riaux et peut \u00eatre utilis\u00e9e pour les comptoirs, les \u00eelots ou les accents d\u00e9coratifs.<\/li>\r\n\r\n\r\n\r\n<li><strong>C\u00e9ramique et Bois :<\/strong>\u00a0L&rsquo;association de la c\u00e9ramique et du bois cr\u00e9e un m\u00e9lange de textures et de couleurs qui apporte de la profondeur \u00e0 la cuisine. Par exemple, des carreaux de c\u00e9ramique au motif en bois associ\u00e9s \u00e0 des armoires en bois massif ajoutent de la richesse visuelle \u00e0 l&rsquo;espace.<\/li>\r\n<\/ol>\r\n<p>\r\n\r\n<\/p>\r\n<p>En associant ces mat\u00e9riaux nobles dans la cuisine, vous pouvez cr\u00e9er un espace \u00e0 la fois fonctionnel et esth\u00e9tique, o\u00f9 chaque \u00e9l\u00e9ment contribue \u00e0 cr\u00e9er une ambiance chaleureuse et accueillante. N&rsquo;h\u00e9sitez pas \u00e0 exp\u00e9rimenter avec diff\u00e9rentes combinaisons pour trouver celle qui correspond le mieux \u00e0 vos go\u00fbts.<\/p>\r\n<p><img decoding=\"async\" class=\"lazyload alignnone  wp-image-2902\" src=\"http:\/\/veroniquebunner.immo\/wp-content\/uploads\/2024\/09\/kitchen-2165756_640-300x199.jpg\" data-orig-src=\"http:\/\/veroniquebunner.immo\/wp-content\/uploads\/2024\/09\/kitchen-2165756_640-300x199.jpg\" alt=\"\" width=\"224\" height=\"149\" srcset=\"data:image\/svg+xml,%3Csvg%20xmlns%3D%27http%3A%2F%2Fwww.w3.org%2F2000%2Fsvg%27%20width%3D%27224%27%20height%3D%27149%27%20viewBox%3D%270%200%20224%20149%27%3E%3Crect%20width%3D%27224%27%20height%3D%27149%27%20fill-opacity%3D%220%22%2F%3E%3C%2Fsvg%3E\" data-srcset=\"https:\/\/veroniquebunner.immo\/wp-content\/uploads\/2024\/09\/kitchen-2165756_640-66x44.jpg 66w, https:\/\/veroniquebunner.immo\/wp-content\/uploads\/2024\/09\/kitchen-2165756_640-177x117.jpg 177w, https:\/\/veroniquebunner.immo\/wp-content\/uploads\/2024\/09\/kitchen-2165756_640-200x133.jpg 200w, https:\/\/veroniquebunner.immo\/wp-content\/uploads\/2024\/09\/kitchen-2165756_640-300x199.jpg 300w, https:\/\/veroniquebunner.immo\/wp-content\/uploads\/2024\/09\/kitchen-2165756_640-320x212.jpg 320w, https:\/\/veroniquebunner.immo\/wp-content\/uploads\/2024\/09\/kitchen-2165756_640-400x265.jpg 400w, https:\/\/veroniquebunner.immo\/wp-content\/uploads\/2024\/09\/kitchen-2165756_640-460x305.jpg 460w, https:\/\/veroniquebunner.immo\/wp-content\/uploads\/2024\/09\/kitchen-2165756_640-540x358.jpg 540w, https:\/\/veroniquebunner.immo\/wp-content\/uploads\/2024\/09\/kitchen-2165756_640-600x398.jpg 600w, https:\/\/veroniquebunner.immo\/wp-content\/uploads\/2024\/09\/kitchen-2165756_640.jpg 640w\" data-sizes=\"auto\" data-orig-sizes=\"(max-width: 224px) 100vw, 224px\" \/> <img decoding=\"async\" class=\"lazyload alignnone  wp-image-2901\" src=\"http:\/\/veroniquebunner.immo\/wp-content\/uploads\/2024\/09\/cuisine-lumineuse.jpeg\" data-orig-src=\"http:\/\/veroniquebunner.immo\/wp-content\/uploads\/2024\/09\/cuisine-lumineuse.jpeg\" alt=\"\" width=\"222\" height=\"148\" srcset=\"data:image\/svg+xml,%3Csvg%20xmlns%3D%27http%3A%2F%2Fwww.w3.org%2F2000%2Fsvg%27%20width%3D%27222%27%20height%3D%27148%27%20viewBox%3D%270%200%20222%20148%27%3E%3Crect%20width%3D%27222%27%20height%3D%27148%27%20fill-opacity%3D%220%22%2F%3E%3C%2Fsvg%3E\" data-srcset=\"https:\/\/veroniquebunner.immo\/wp-content\/uploads\/2024\/09\/cuisine-lumineuse-66x44.jpeg 66w, https:\/\/veroniquebunner.immo\/wp-content\/uploads\/2024\/09\/cuisine-lumineuse-177x118.jpeg 177w, https:\/\/veroniquebunner.immo\/wp-content\/uploads\/2024\/09\/cuisine-lumineuse-200x133.jpeg 200w, https:\/\/veroniquebunner.immo\/wp-content\/uploads\/2024\/09\/cuisine-lumineuse.jpeg 275w\" data-sizes=\"auto\" data-orig-sizes=\"(max-width: 222px) 100vw, 222px\" \/>\u00a0\u00a0 <img decoding=\"async\" class=\"lazyload alignnone  wp-image-2897\" src=\"http:\/\/veroniquebunner.immo\/wp-content\/uploads\/2024\/09\/cuisine-300x175.jpg\" data-orig-src=\"http:\/\/veroniquebunner.immo\/wp-content\/uploads\/2024\/09\/cuisine-300x175.jpg\" alt=\"\" width=\"250\" height=\"146\" srcset=\"data:image\/svg+xml,%3Csvg%20xmlns%3D%27http%3A%2F%2Fwww.w3.org%2F2000%2Fsvg%27%20width%3D%27250%27%20height%3D%27146%27%20viewBox%3D%270%200%20250%20146%27%3E%3Crect%20width%3D%27250%27%20height%3D%27146%27%20fill-opacity%3D%220%22%2F%3E%3C%2Fsvg%3E\" data-srcset=\"https:\/\/veroniquebunner.immo\/wp-content\/uploads\/2024\/09\/cuisine-66x38.jpg 66w, https:\/\/veroniquebunner.immo\/wp-content\/uploads\/2024\/09\/cuisine-177x103.jpg 177w, https:\/\/veroniquebunner.immo\/wp-content\/uploads\/2024\/09\/cuisine-200x116.jpg 200w, https:\/\/veroniquebunner.immo\/wp-content\/uploads\/2024\/09\/cuisine-300x175.jpg 300w, https:\/\/veroniquebunner.immo\/wp-content\/uploads\/2024\/09\/cuisine-320x186.jpg 320w, https:\/\/veroniquebunner.immo\/wp-content\/uploads\/2024\/09\/cuisine-400x233.jpg 400w, https:\/\/veroniquebunner.immo\/wp-content\/uploads\/2024\/09\/cuisine-460x268.jpg 460w, https:\/\/veroniquebunner.immo\/wp-content\/uploads\/2024\/09\/cuisine-540x314.jpg 540w, https:\/\/veroniquebunner.immo\/wp-content\/uploads\/2024\/09\/cuisine-600x349.jpg 600w, https:\/\/veroniquebunner.immo\/wp-content\/uploads\/2024\/09\/cuisine.jpg 612w\" data-sizes=\"auto\" data-orig-sizes=\"(max-width: 250px) 100vw, 250px\" \/><\/p>\r\n<p>\r\n\r\n<\/p>\r\n<p class=\"has-gradient-5-gradient-background has-background\"><strong>Conclusion :<\/strong><\/p>\r\n<p>\r\n\r\n<\/p>\r\n<p>En somme, les cuisines jouent un r\u00f4le essentiel dans nos vies, tant sur le plan pratique que sur le plan \u00e9motionnel. Elles sont le th\u00e9\u00e2tre de moments pr\u00e9cieux, o\u00f9 se m\u00ealent les saveurs, les senteurs et les \u00e9motions. Alors, que vos pr\u00e9f\u00e9rences aillent vers le minimalisme ou le maximalisme, vers le moderne ou le traditionnel, rappelez-vous que c&rsquo;est la diversit\u00e9 qui fait toute la richesse de nos exp\u00e9riences culinaires et domestiques. Et apr\u00e8s tout, comme le dit si bien l&rsquo;adage : les go\u00fbts et les couleurs ne se discutent pas !<\/p>\r\n<p>\r\n\r\n<\/p>\r\n<p>&nbsp;<\/p>\r\n<p>\r\n\r\n<\/p>\r\n<figure class=\"wp-block-image size-large\"><img decoding=\"async\" class=\"lazyload wp-image-20\" src=\"data:image\/gif;base64,R0lGODlhAQABAAAAACH5BAEKAAEALAAAAAABAAEAAAICTAEAOw==\" data-orig-src=\"http:\/\/veroniquebunner.immo\/wp-content\/uploads\/2024\/01\/blog-deco975624-main-62d14c7ec776f-1024x892.jpeg\" alt=\"\" \/><\/figure>\r\n<p>\r\n\r\n<\/p>\r\n<figure class=\"wp-block-gallery has-nested-images columns-default is-cropped wp-block-gallery-1 is-layout-flex wp-block-gallery-is-layout-flex\">\r\n<figure class=\"wp-block-image size-large\"><img decoding=\"async\" data-id=\"19\" class=\"lazyload wp-image-19\" src=\"data:image\/gif;base64,R0lGODlhAQABAAAAACH5BAEKAAEALAAAAAABAAEAAAICTAEAOw==\" data-orig-src=\"http:\/\/veroniquebunner.immo\/wp-content\/uploads\/2024\/01\/blog-decobois.jpeg\" alt=\"Le bois\" \/><\/figure>\r\n<\/figure>\r\n<p>\r\n\r\n<\/p>\r\n<div class=\"wp-block-file\"><a id=\"wp-block-file--media-4052b2ca-7503-413e-a671-97e8349a9f51\" href=\"http:\/\/veroniquebunner.immo\/wp-content\/uploads\/2024\/01\/blog-nuancier-36-teintes-peinture-cuisine-et-bains-dulux-valentine-1.jpeg\">blog-nuancier-36-teintes-peinture-cuisine-et-bains-dulux-valentine-1<\/a><a class=\"fusion-button-default fusion-button-default-size wp-block-file__button wp-element-button\" href=\"http:\/\/veroniquebunner.immo\/wp-content\/uploads\/2024\/01\/blog-nuancier-36-teintes-peinture-cuisine-et-bains-dulux-valentine-1.jpeg\" download=\"\" aria-describedby=\"wp-block-file--media-4052b2ca-7503-413e-a671-97e8349a9f51\">T\u00e9l\u00e9charger<\/a><\/div>\r\n<p><\/p>","protected":false},"excerpt":{"rendered":"<p>Chers lecteurs, Abordons ce vaste sujet qu\u2019est la cuisine ,  [&#8230;]<\/p>\n","protected":false},"author":1,"featured_media":2900,"comment_status":"closed","ping_status":"open","sticky":true,"template":"","format":"standard","meta":{"content-type":"","_jetpack_memberships_contains_paid_content":false,"footnotes":""},"categories":[21],"tags":[],"class_list":["post-2329","post","type-post","status-publish","format-standard","has-post-thumbnail","hentry","category-point-decoration-immobilier"],"yoast_head":"<!-- This site is optimized with the Yoast SEO Premium plugin v24.5 (Yoast SEO v27.5) - https:\/\/yoast.com\/product\/yoast-seo-premium-wordpress\/ -->\n<title>L&#039;Importance Centrale des Cuisines dans une Maison\u00a0 - Veroniquebunner.immo<\/title>\n<meta name=\"description\" content=\"&quot;D\u00e9couvrez pourquoi la cuisine est le c\u0153ur de chaque maison. Explorez son r\u00f4le central dans la vie quotidienne, la convivialit\u00e9 et la cr\u00e9ation de souvenirs en famille. Apprenez comment une cuisine bien con\u00e7ue peut transformer votre espace de vie.&quot;\" \/>\n<meta name=\"robots\" content=\"index, follow, max-snippet:-1, max-image-preview:large, max-video-preview:-1\" \/>\n<link rel=\"canonical\" href=\"http:\/\/veroniquebunner.immo\/?p=2329\" \/>\n<meta property=\"og:locale\" content=\"fr_FR\" \/>\n<meta property=\"og:type\" content=\"article\" \/>\n<meta property=\"og:title\" content=\"L&#039;Importance Centrale des Cuisines dans une Maison\u00a0\" \/>\n<meta property=\"og:description\" content=\"&quot;D\u00e9couvrez pourquoi la cuisine est le c\u0153ur de chaque maison. Explorez son r\u00f4le central dans la vie quotidienne, la convivialit\u00e9 et la cr\u00e9ation de souvenirs en famille. Apprenez comment une cuisine bien con\u00e7ue peut transformer votre espace de vie.&quot;\" \/>\n<meta property=\"og:url\" content=\"http:\/\/veroniquebunner.immo\/?p=2329\" \/>\n<meta property=\"og:site_name\" content=\"Veroniquebunner.immo\" \/>\n<meta property=\"article:published_time\" content=\"2024-09-30T13:29:31+00:00\" \/>\n<meta property=\"og:image\" content=\"http:\/\/veroniquebunner.immo\/wp-content\/uploads\/2024\/09\/cuisine-independente.jpeg\" \/>\n\t<meta property=\"og:image:width\" content=\"1600\" \/>\n\t<meta property=\"og:image:height\" content=\"1063\" \/>\n\t<meta property=\"og:image:type\" content=\"image\/jpeg\" \/>\n<meta name=\"author\" content=\"admvrbimo75nlnet\" \/>\n<meta name=\"twitter:card\" content=\"summary_large_image\" \/>\n<meta name=\"twitter:label1\" content=\"\u00c9crit par\" \/>\n\t<meta name=\"twitter:data1\" content=\"admvrbimo75nlnet\" \/>\n\t<meta name=\"twitter:label2\" content=\"Dur\u00e9e de lecture estim\u00e9e\" \/>\n\t<meta name=\"twitter:data2\" content=\"9 minutes\" \/>\n<script type=\"application\/ld+json\" class=\"yoast-schema-graph\">{\"@context\":\"https:\\\/\\\/schema.org\",\"@graph\":[{\"@type\":\"Article\",\"@id\":\"http:\\\/\\\/veroniquebunner.immo\\\/?p=2329#article\",\"isPartOf\":{\"@id\":\"http:\\\/\\\/veroniquebunner.immo\\\/?p=2329\"},\"author\":{\"name\":\"admvrbimo75nlnet\",\"@id\":\"http:\\\/\\\/veroniquebunner.immo\\\/#\\\/schema\\\/person\\\/c011a0aaff98ca57681aa83068853aa2\"},\"headline\":\"L&rsquo;Importance Centrale des Cuisines dans une Maison\u00a0\",\"datePublished\":\"2024-09-30T13:29:31+00:00\",\"mainEntityOfPage\":{\"@id\":\"http:\\\/\\\/veroniquebunner.immo\\\/?p=2329\"},\"wordCount\":1298,\"image\":{\"@id\":\"http:\\\/\\\/veroniquebunner.immo\\\/?p=2329#primaryimage\"},\"thumbnailUrl\":\"https:\\\/\\\/veroniquebunner.immo\\\/wp-content\\\/uploads\\\/2024\\\/09\\\/cuisine-independente.jpeg\",\"articleSection\":[\"Point D\u00e9coration\"],\"inLanguage\":\"fr-FR\"},{\"@type\":\"WebPage\",\"@id\":\"http:\\\/\\\/veroniquebunner.immo\\\/?p=2329\",\"url\":\"http:\\\/\\\/veroniquebunner.immo\\\/?p=2329\",\"name\":\"L'Importance Centrale des Cuisines dans une Maison\u00a0 - Veroniquebunner.immo\",\"isPartOf\":{\"@id\":\"http:\\\/\\\/veroniquebunner.immo\\\/#website\"},\"primaryImageOfPage\":{\"@id\":\"http:\\\/\\\/veroniquebunner.immo\\\/?p=2329#primaryimage\"},\"image\":{\"@id\":\"http:\\\/\\\/veroniquebunner.immo\\\/?p=2329#primaryimage\"},\"thumbnailUrl\":\"https:\\\/\\\/veroniquebunner.immo\\\/wp-content\\\/uploads\\\/2024\\\/09\\\/cuisine-independente.jpeg\",\"datePublished\":\"2024-09-30T13:29:31+00:00\",\"author\":{\"@id\":\"http:\\\/\\\/veroniquebunner.immo\\\/#\\\/schema\\\/person\\\/c011a0aaff98ca57681aa83068853aa2\"},\"description\":\"\\\"D\u00e9couvrez pourquoi la cuisine est le c\u0153ur de chaque maison. Explorez son r\u00f4le central dans la vie quotidienne, la convivialit\u00e9 et la cr\u00e9ation de souvenirs en famille. Apprenez comment une cuisine bien con\u00e7ue peut transformer votre espace de vie.\\\"\",\"breadcrumb\":{\"@id\":\"http:\\\/\\\/veroniquebunner.immo\\\/?p=2329#breadcrumb\"},\"inLanguage\":\"fr-FR\",\"potentialAction\":[{\"@type\":\"ReadAction\",\"target\":[\"http:\\\/\\\/veroniquebunner.immo\\\/?p=2329\"]}]},{\"@type\":\"ImageObject\",\"inLanguage\":\"fr-FR\",\"@id\":\"http:\\\/\\\/veroniquebunner.immo\\\/?p=2329#primaryimage\",\"url\":\"https:\\\/\\\/veroniquebunner.immo\\\/wp-content\\\/uploads\\\/2024\\\/09\\\/cuisine-independente.jpeg\",\"contentUrl\":\"https:\\\/\\\/veroniquebunner.immo\\\/wp-content\\\/uploads\\\/2024\\\/09\\\/cuisine-independente.jpeg\",\"width\":1600,\"height\":1063},{\"@type\":\"BreadcrumbList\",\"@id\":\"http:\\\/\\\/veroniquebunner.immo\\\/?p=2329#breadcrumb\",\"itemListElement\":[{\"@type\":\"ListItem\",\"position\":1,\"name\":\"Accueil\",\"item\":\"http:\\\/\\\/veroniquebunner.immo\\\/\"},{\"@type\":\"ListItem\",\"position\":2,\"name\":\"L&rsquo;Importance Centrale des Cuisines dans une Maison\u00a0\"}]},{\"@type\":\"WebSite\",\"@id\":\"http:\\\/\\\/veroniquebunner.immo\\\/#website\",\"url\":\"http:\\\/\\\/veroniquebunner.immo\\\/\",\"name\":\"Veroniquebunner.immo\",\"description\":\"\",\"potentialAction\":[{\"@type\":\"SearchAction\",\"target\":{\"@type\":\"EntryPoint\",\"urlTemplate\":\"http:\\\/\\\/veroniquebunner.immo\\\/?s={search_term_string}\"},\"query-input\":{\"@type\":\"PropertyValueSpecification\",\"valueRequired\":true,\"valueName\":\"search_term_string\"}}],\"inLanguage\":\"fr-FR\"},{\"@type\":\"Person\",\"@id\":\"http:\\\/\\\/veroniquebunner.immo\\\/#\\\/schema\\\/person\\\/c011a0aaff98ca57681aa83068853aa2\",\"name\":\"admvrbimo75nlnet\",\"image\":{\"@type\":\"ImageObject\",\"inLanguage\":\"fr-FR\",\"@id\":\"https:\\\/\\\/secure.gravatar.com\\\/avatar\\\/8f3fe4709fdf3ac11d8342ab042fb9a0ae40fefd27e84dfd16549947b85eba0b?s=96&d=mm&r=g\",\"url\":\"https:\\\/\\\/secure.gravatar.com\\\/avatar\\\/8f3fe4709fdf3ac11d8342ab042fb9a0ae40fefd27e84dfd16549947b85eba0b?s=96&d=mm&r=g\",\"contentUrl\":\"https:\\\/\\\/secure.gravatar.com\\\/avatar\\\/8f3fe4709fdf3ac11d8342ab042fb9a0ae40fefd27e84dfd16549947b85eba0b?s=96&d=mm&r=g\",\"caption\":\"admvrbimo75nlnet\"},\"sameAs\":[\"http:\\\/\\\/veroniquebunner.immo\"],\"url\":\"https:\\\/\\\/veroniquebunner.immo\\\/?author=1\"}]}<\/script>\n<!-- \/ Yoast SEO Premium plugin. -->","yoast_head_json":{"title":"L'Importance Centrale des Cuisines dans une Maison\u00a0 - Veroniquebunner.immo","description":"\"D\u00e9couvrez pourquoi la cuisine est le c\u0153ur de chaque maison. Explorez son r\u00f4le central dans la vie quotidienne, la convivialit\u00e9 et la cr\u00e9ation de souvenirs en famille. Apprenez comment une cuisine bien con\u00e7ue peut transformer votre espace de vie.\"","robots":{"index":"index","follow":"follow","max-snippet":"max-snippet:-1","max-image-preview":"max-image-preview:large","max-video-preview":"max-video-preview:-1"},"canonical":"http:\/\/veroniquebunner.immo\/?p=2329","og_locale":"fr_FR","og_type":"article","og_title":"L'Importance Centrale des Cuisines dans une Maison\u00a0","og_description":"\"D\u00e9couvrez pourquoi la cuisine est le c\u0153ur de chaque maison. Explorez son r\u00f4le central dans la vie quotidienne, la convivialit\u00e9 et la cr\u00e9ation de souvenirs en famille. Apprenez comment une cuisine bien con\u00e7ue peut transformer votre espace de vie.\"","og_url":"http:\/\/veroniquebunner.immo\/?p=2329","og_site_name":"Veroniquebunner.immo","article_published_time":"2024-09-30T13:29:31+00:00","og_image":[{"width":1600,"height":1063,"url":"http:\/\/veroniquebunner.immo\/wp-content\/uploads\/2024\/09\/cuisine-independente.jpeg","type":"image\/jpeg"}],"author":"admvrbimo75nlnet","twitter_card":"summary_large_image","twitter_misc":{"\u00c9crit par":"admvrbimo75nlnet","Dur\u00e9e de lecture estim\u00e9e":"9 minutes"},"schema":{"@context":"https:\/\/schema.org","@graph":[{"@type":"Article","@id":"http:\/\/veroniquebunner.immo\/?p=2329#article","isPartOf":{"@id":"http:\/\/veroniquebunner.immo\/?p=2329"},"author":{"name":"admvrbimo75nlnet","@id":"http:\/\/veroniquebunner.immo\/#\/schema\/person\/c011a0aaff98ca57681aa83068853aa2"},"headline":"L&rsquo;Importance Centrale des Cuisines dans une Maison\u00a0","datePublished":"2024-09-30T13:29:31+00:00","mainEntityOfPage":{"@id":"http:\/\/veroniquebunner.immo\/?p=2329"},"wordCount":1298,"image":{"@id":"http:\/\/veroniquebunner.immo\/?p=2329#primaryimage"},"thumbnailUrl":"https:\/\/veroniquebunner.immo\/wp-content\/uploads\/2024\/09\/cuisine-independente.jpeg","articleSection":["Point D\u00e9coration"],"inLanguage":"fr-FR"},{"@type":"WebPage","@id":"http:\/\/veroniquebunner.immo\/?p=2329","url":"http:\/\/veroniquebunner.immo\/?p=2329","name":"L'Importance Centrale des Cuisines dans une Maison\u00a0 - Veroniquebunner.immo","isPartOf":{"@id":"http:\/\/veroniquebunner.immo\/#website"},"primaryImageOfPage":{"@id":"http:\/\/veroniquebunner.immo\/?p=2329#primaryimage"},"image":{"@id":"http:\/\/veroniquebunner.immo\/?p=2329#primaryimage"},"thumbnailUrl":"https:\/\/veroniquebunner.immo\/wp-content\/uploads\/2024\/09\/cuisine-independente.jpeg","datePublished":"2024-09-30T13:29:31+00:00","author":{"@id":"http:\/\/veroniquebunner.immo\/#\/schema\/person\/c011a0aaff98ca57681aa83068853aa2"},"description":"\"D\u00e9couvrez pourquoi la cuisine est le c\u0153ur de chaque maison. Explorez son r\u00f4le central dans la vie quotidienne, la convivialit\u00e9 et la cr\u00e9ation de souvenirs en famille. Apprenez comment une cuisine bien con\u00e7ue peut transformer votre espace de vie.\"","breadcrumb":{"@id":"http:\/\/veroniquebunner.immo\/?p=2329#breadcrumb"},"inLanguage":"fr-FR","potentialAction":[{"@type":"ReadAction","target":["http:\/\/veroniquebunner.immo\/?p=2329"]}]},{"@type":"ImageObject","inLanguage":"fr-FR","@id":"http:\/\/veroniquebunner.immo\/?p=2329#primaryimage","url":"https:\/\/veroniquebunner.immo\/wp-content\/uploads\/2024\/09\/cuisine-independente.jpeg","contentUrl":"https:\/\/veroniquebunner.immo\/wp-content\/uploads\/2024\/09\/cuisine-independente.jpeg","width":1600,"height":1063},{"@type":"BreadcrumbList","@id":"http:\/\/veroniquebunner.immo\/?p=2329#breadcrumb","itemListElement":[{"@type":"ListItem","position":1,"name":"Accueil","item":"http:\/\/veroniquebunner.immo\/"},{"@type":"ListItem","position":2,"name":"L&rsquo;Importance Centrale des Cuisines dans une Maison\u00a0"}]},{"@type":"WebSite","@id":"http:\/\/veroniquebunner.immo\/#website","url":"http:\/\/veroniquebunner.immo\/","name":"Veroniquebunner.immo","description":"","potentialAction":[{"@type":"SearchAction","target":{"@type":"EntryPoint","urlTemplate":"http:\/\/veroniquebunner.immo\/?s={search_term_string}"},"query-input":{"@type":"PropertyValueSpecification","valueRequired":true,"valueName":"search_term_string"}}],"inLanguage":"fr-FR"},{"@type":"Person","@id":"http:\/\/veroniquebunner.immo\/#\/schema\/person\/c011a0aaff98ca57681aa83068853aa2","name":"admvrbimo75nlnet","image":{"@type":"ImageObject","inLanguage":"fr-FR","@id":"https:\/\/secure.gravatar.com\/avatar\/8f3fe4709fdf3ac11d8342ab042fb9a0ae40fefd27e84dfd16549947b85eba0b?s=96&d=mm&r=g","url":"https:\/\/secure.gravatar.com\/avatar\/8f3fe4709fdf3ac11d8342ab042fb9a0ae40fefd27e84dfd16549947b85eba0b?s=96&d=mm&r=g","contentUrl":"https:\/\/secure.gravatar.com\/avatar\/8f3fe4709fdf3ac11d8342ab042fb9a0ae40fefd27e84dfd16549947b85eba0b?s=96&d=mm&r=g","caption":"admvrbimo75nlnet"},"sameAs":["http:\/\/veroniquebunner.immo"],"url":"https:\/\/veroniquebunner.immo\/?author=1"}]}},"jetpack_featured_media_url":"https:\/\/veroniquebunner.immo\/wp-content\/uploads\/2024\/09\/cuisine-independente.jpeg","jetpack_sharing_enabled":true,"_links":{"self":[{"href":"https:\/\/veroniquebunner.immo\/index.php?rest_route=\/wp\/v2\/posts\/2329","targetHints":{"allow":["GET"]}}],"collection":[{"href":"https:\/\/veroniquebunner.immo\/index.php?rest_route=\/wp\/v2\/posts"}],"about":[{"href":"https:\/\/veroniquebunner.immo\/index.php?rest_route=\/wp\/v2\/types\/post"}],"author":[{"embeddable":true,"href":"https:\/\/veroniquebunner.immo\/index.php?rest_route=\/wp\/v2\/users\/1"}],"replies":[{"embeddable":true,"href":"https:\/\/veroniquebunner.immo\/index.php?rest_route=%2Fwp%2Fv2%2Fcomments&post=2329"}],"version-history":[{"count":4,"href":"https:\/\/veroniquebunner.immo\/index.php?rest_route=\/wp\/v2\/posts\/2329\/revisions"}],"predecessor-version":[{"id":2739,"href":"https:\/\/veroniquebunner.immo\/index.php?rest_route=\/wp\/v2\/posts\/2329\/revisions\/2739"}],"wp:featuredmedia":[{"embeddable":true,"href":"https:\/\/veroniquebunner.immo\/index.php?rest_route=\/wp\/v2\/media\/2900"}],"wp:attachment":[{"href":"https:\/\/veroniquebunner.immo\/index.php?rest_route=%2Fwp%2Fv2%2Fmedia&parent=2329"}],"wp:term":[{"taxonomy":"category","embeddable":true,"href":"https:\/\/veroniquebunner.immo\/index.php?rest_route=%2Fwp%2Fv2%2Fcategories&post=2329"},{"taxonomy":"post_tag","embeddable":true,"href":"https:\/\/veroniquebunner.immo\/index.php?rest_route=%2Fwp%2Fv2%2Ftags&post=2329"}],"curies":[{"name":"wp","href":"https:\/\/api.w.org\/{rel}","templated":true}]}}