{"id":200,"date":"2024-03-20T04:00:08","date_gmt":"2024-03-20T03:00:08","guid":{"rendered":"http:\/\/veroniquebunner.immo\/?p=200"},"modified":"2024-03-20T18:47:02","modified_gmt":"2024-03-20T17:47:02","slug":"le-role-du-syndic-dans-une-copropriete-obligations-et-duree-du-mandat-selon-la-legislation-francaise","status":"publish","type":"post","link":"https:\/\/veroniquebunner.immo\/?p=200","title":{"rendered":"Le R\u00f4le du Syndic dans une Copropri\u00e9t\u00e9 : Obligations et Dur\u00e9e du Mandat selon la L\u00e9gislation Fran\u00e7aise"},"content":{"rendered":"\r\n<p>Chers Lecteurs,<\/p>\r\n\r\n\r\n\r\n<p>Dans le paysage complexe de la copropri\u00e9t\u00e9 en France, le syndic joue un r\u00f4le central dans la gestion quotidienne des immeubles. La l\u00e9gislation fran\u00e7aise encadre strictement les obligations du syndic ainsi que la dur\u00e9e de son mandat, garantissant ainsi une gestion transparente et efficace des copropri\u00e9t\u00e9s. Dans cet article, nous explorerons en d\u00e9tail le r\u00f4le du syndic, ses obligations l\u00e9gales et la dur\u00e9e de son mandat selon la l\u00e9gislation fran\u00e7aise.<\/p>\r\n\r\n\r\n\r\n<p><strong>Obligations L\u00e9gales du Syndic :<\/strong><\/p>\r\n\r\n\r\n\r\n<p>La loi fran\u00e7aise impose au syndic de nombreuses obligations visant \u00e0 assurer le bon fonctionnement de la copropri\u00e9t\u00e9 et \u00e0 prot\u00e9ger les int\u00e9r\u00eats des copropri\u00e9taires. Parmi les principales obligations du syndic, on peut citer :<\/p>\r\n\r\n\r\n\r\n<ol class=\"wp-block-list\">\r\n<li><strong>Gestion Administrative :<\/strong>\u00a0Le syndic est charg\u00e9 de la gestion administrative de la copropri\u00e9t\u00e9, notamment la convocation et la tenue des assembl\u00e9es g\u00e9n\u00e9rales, la r\u00e9daction des proc\u00e8s-verbaux, la tenue \u00e0 jour du carnet d&rsquo;entretien, et la communication r\u00e9guli\u00e8re avec les copropri\u00e9taires.<\/li>\r\n\r\n\r\n\r\n<li><strong>Gestion Financi\u00e8re :<\/strong>\u00a0Le syndic est responsable de la gestion financi\u00e8re de la copropri\u00e9t\u00e9, comprenant la pr\u00e9paration et la pr\u00e9sentation du budget pr\u00e9visionnel, la collecte des charges de copropri\u00e9t\u00e9, le paiement des d\u00e9penses courantes, ainsi que la constitution d&rsquo;un fonds de travaux obligatoire.<\/li>\r\n\r\n\r\n\r\n<li><strong>Gestion Technique :<\/strong>\u00a0Le syndic assure \u00e9galement la gestion technique de l&rsquo;immeuble en supervisant l&rsquo;entretien des parties communes, en organisant les travaux n\u00e9cessaires, et en veillant au respect des r\u00e8gles de s\u00e9curit\u00e9 et de conformit\u00e9.<\/li>\r\n\r\n\r\n\r\n<li><strong>Repr\u00e9sentation L\u00e9gale :<\/strong>\u00a0Le syndic repr\u00e9sente l\u00e9galement la copropri\u00e9t\u00e9 dans toutes les d\u00e9marches administratives et juridiques, y compris les litiges \u00e9ventuels avec des tiers ou entre copropri\u00e9taires.<\/li>\r\n<\/ol>\r\n\r\n\r\n\r\n<p><strong>Dur\u00e9e du Mandat du Syndic :<\/strong><\/p>\r\n\r\n\r\n\r\n<p>En ce qui concerne la dur\u00e9e du mandat du syndic, la l\u00e9gislation fran\u00e7aise pr\u00e9cise que le mandat initial ne peut exc\u00e9der trois ans. Cependant, ce mandat peut \u00eatre renouvel\u00e9 par d\u00e9cision de l&rsquo;assembl\u00e9e g\u00e9n\u00e9rale des copropri\u00e9taires, dans la limite de trois renouvellements successifs. Ainsi, un syndic peut exercer ses fonctions pendant une dur\u00e9e maximale de neuf ans cons\u00e9cutifs.<\/p>\r\n\r\n\r\n\r\n<p>Il est important de noter que la loi ALUR (Acc\u00e8s au Logement et Urbanisme R\u00e9nov\u00e9) a introduit des mesures visant \u00e0 encadrer davantage la profession de syndic, notamment en renfor\u00e7ant les obligations de transparence et en limitant les abus dans la facturation des honoraires.<\/p>\r\n\r\n\r\n\r\n<p><strong>Proc\u00e9dure en Cas de Travaux Extraordinaires : Obligations L\u00e9gales pour le Syndic en France<\/strong><\/p>\r\n\r\n\r\n\r\n<p>En cas de travaux extraordinaires n\u00e9cessitant l&rsquo;intervention dans les parties communes de l&rsquo;immeuble, le syndic joue un r\u00f4le crucial dans la gestion de ces projets. La l\u00e9gislation fran\u00e7aise impose des obligations sp\u00e9cifiques au syndic pour garantir que ces travaux sont men\u00e9s de mani\u00e8re conforme et transparente, tout en prot\u00e9geant les int\u00e9r\u00eats des copropri\u00e9taires.<\/p>\r\n\r\n\r\n\r\n<p class=\"has-background\" style=\"background: linear-gradient(360deg,#fecda5 23%,#fe2d2d 60%,#6b003e 100%);\"><strong>Lorsqu&rsquo;il s&rsquo;agit de travaux extraordinaires, le syndic est tenu de suivre une proc\u00e9dure rigoureuse, notamment :<\/strong><\/p>\r\n\r\n\r\n\r\n<ol class=\"wp-block-list\">\r\n<li><strong>Convocation d&rsquo;une Assembl\u00e9e G\u00e9n\u00e9rale Extraordinaire :<\/strong>\u00a0Avant d&rsquo;engager tout travaux extraordinaires, le syndic doit convoquer une assembl\u00e9e g\u00e9n\u00e9rale extraordinaire des copropri\u00e9taires. Lors de cette r\u00e9union, les copropri\u00e9taires seront inform\u00e9s des travaux envisag\u00e9s, des devis obtenus, ainsi que des modalit\u00e9s de financement et de r\u00e9partition des charges.<\/li>\r\n\r\n\r\n\r\n<li><strong>Vote des Travaux :<\/strong>\u00a0Les copropri\u00e9taires doivent voter en faveur des travaux extraordinaires lors de l&rsquo;assembl\u00e9e g\u00e9n\u00e9rale. La d\u00e9cision de r\u00e9aliser ces travaux doit \u00eatre approuv\u00e9e \u00e0 la majorit\u00e9 des voix des copropri\u00e9taires pr\u00e9sents ou repr\u00e9sent\u00e9s.<\/li>\r\n\r\n\r\n\r\n<li><strong>Obtention de Devis et Validation des Travaux :<\/strong>\u00a0Avant de d\u00e9buter les travaux, le syndic est charg\u00e9 d&rsquo;obtenir plusieurs devis de prestataires qualifi\u00e9s. Les copropri\u00e9taires devront ensuite valider le choix du prestataire retenu lors de l&rsquo;assembl\u00e9e g\u00e9n\u00e9rale.<\/li>\r\n\r\n\r\n\r\n<li><strong>Suivi et Contr\u00f4le des Travaux :<\/strong>\u00a0Une fois les travaux engag\u00e9s, le syndic est responsable du suivi et du contr\u00f4le de leur ex\u00e9cution. Il doit s&rsquo;assurer que les travaux sont r\u00e9alis\u00e9s conform\u00e9ment aux sp\u00e9cifications techniques, dans les d\u00e9lais impartis et avec le respect des r\u00e8gles de s\u00e9curit\u00e9.<\/li>\r\n\r\n\r\n\r\n<li><strong>Information des Copropri\u00e9taires :<\/strong>\u00a0Tout au long du processus, le syndic est tenu d&rsquo;informer r\u00e9guli\u00e8rement les copropri\u00e9taires de l&rsquo;avancement des travaux, des \u00e9ventuels impr\u00e9vus rencontr\u00e9s, ainsi que des d\u00e9penses engag\u00e9es.<\/li>\r\n<\/ol>\r\n\r\n\r\n\r\n<p class=\"has-vivid-red-color has-text-color has-link-color wp-elements-9c64daebd189a83d1754dd523396c4d2\"><strong><em>Si le syndic ne respecte pas la proc\u00e9dure l\u00e9gale en cas de travaux extraordinaires, les copropri\u00e9taires disposent de plusieurs recours pour faire valoir leurs droits et rectifier la situation :<\/em><\/strong><\/p>\r\n\r\n\r\n\r\n<ol class=\"wp-block-list\">\r\n<li><strong>Action en Justice :<\/strong>\u00a0Les copropri\u00e9taires peuvent engager une action en justice contre le syndic pour non-respect de ses obligations l\u00e9gales. Ils peuvent demander l&rsquo;annulation des d\u00e9cisions prises de mani\u00e8re irr\u00e9guli\u00e8re et la r\u00e9paration des pr\u00e9judices subis.<\/li>\r\n\r\n\r\n\r\n<li><strong>Contestation lors de l&rsquo;Assembl\u00e9e G\u00e9n\u00e9rale :<\/strong>\u00a0Les copropri\u00e9taires peuvent \u00e9galement contester les d\u00e9cisions prises lors de l&rsquo;assembl\u00e9e g\u00e9n\u00e9rale o\u00f9 les travaux extraordinaires ont \u00e9t\u00e9 vot\u00e9s. Ils peuvent demander la r\u00e9examination de la d\u00e9cision et proposer des alternatives conformes \u00e0 la loi.<\/li>\r\n\r\n\r\n\r\n<li><strong>R\u00e9vocation du Syndic :<\/strong>\u00a0En cas de manquement grave du syndic \u00e0 ses obligations, les copropri\u00e9taires ont la possibilit\u00e9 de demander sa r\u00e9vocation lors d&rsquo;une assembl\u00e9e g\u00e9n\u00e9rale extraordinaire. Cette r\u00e9vocation doit \u00eatre vot\u00e9e \u00e0 la majorit\u00e9 absolue des voix des copropri\u00e9taires pr\u00e9sents ou repr\u00e9sent\u00e9s.<\/li>\r\n\r\n\r\n\r\n<li><strong>Saisine du Tribunal de Grande Instance :<\/strong>\u00a0En dernier recours, les copropri\u00e9taires peuvent saisir le Tribunal de Grande Instance comp\u00e9tent pour obtenir une injonction ou une mesure corrective \u00e0 l&rsquo;encontre du syndic.<\/li>\r\n<\/ol>\r\n\r\n\r\n\r\n<p class=\"has-background\" style=\"background: linear-gradient(360deg,#eeeeee 0%,#a9b8c3 100%);\">En conclusion<\/p>\r\n\r\n\r\n\r\n<p>Le r\u00f4le du syndic dans une copropri\u00e9t\u00e9 en France est essentiel pour assurer une gestion transparente et efficace de l&rsquo;immeuble. En respectant ses obligations l\u00e9gales et en exer\u00e7ant ses fonctions avec comp\u00e9tence et int\u00e9grit\u00e9, le syndic contribue \u00e0 maintenir un environnement harmonieux et bien g\u00e9r\u00e9 pour tous les copropri\u00e9taires.<\/p>\r\n\r\n\r\n\r\n<p><a href=\"https:\/\/www.legifrance.gouv.fr\/loda\/id\/JORFTEXT000000880200\">https:\/\/www.legifrance.gouv.fr\/loda\/id\/JORFTEXT000000880200<\/a><\/p>\r\n","protected":false},"excerpt":{"rendered":"<p>Chers Lecteurs, Dans le paysage complexe de la copropri\u00e9t\u00e9 en  [&#8230;]<\/p>\n","protected":false},"author":1,"featured_media":2533,"comment_status":"closed","ping_status":"open","sticky":true,"template":"","format":"standard","meta":{"content-type":"","_jetpack_memberships_contains_paid_content":false,"footnotes":""},"categories":[32],"tags":[],"class_list":["post-200","post","type-post","status-publish","format-standard","has-post-thumbnail","hentry","category-informations-generales-dans-le-domaine-de-limmobilier"],"yoast_head":"<!-- This site is optimized with the Yoast SEO Premium plugin v24.5 (Yoast SEO v27.5) - https:\/\/yoast.com\/product\/yoast-seo-premium-wordpress\/ -->\n<title>Le R\u00f4le du Syndic dans une Copropri\u00e9t\u00e9 : Obligations et Dur\u00e9e du Mandat selon la L\u00e9gislation Fran\u00e7aise - Veroniquebunner.immo<\/title>\n<meta name=\"description\" content=\"&quot;D\u00e9couvrez le r\u00f4le essentiel du syndic dans une copropri\u00e9t\u00e9 : ses obligations et la dur\u00e9e de son mandat selon la l\u00e9gislation fran\u00e7aise. Informez-vous d\u00e8s maintenant pour une gestion transparente et efficace de votre copropri\u00e9t\u00e9.&quot;\" \/>\n<meta name=\"robots\" content=\"index, follow, max-snippet:-1, max-image-preview:large, max-video-preview:-1\" \/>\n<link rel=\"canonical\" href=\"https:\/\/veroniquebunner.immo\/?p=200\" \/>\n<meta property=\"og:locale\" content=\"fr_FR\" \/>\n<meta property=\"og:type\" content=\"article\" \/>\n<meta property=\"og:title\" content=\"Le R\u00f4le du Syndic dans une Copropri\u00e9t\u00e9 : Obligations et Dur\u00e9e du Mandat selon la L\u00e9gislation Fran\u00e7aise\" \/>\n<meta property=\"og:description\" content=\"&quot;D\u00e9couvrez le r\u00f4le essentiel du syndic dans une copropri\u00e9t\u00e9 : ses obligations et la dur\u00e9e de son mandat selon la l\u00e9gislation fran\u00e7aise. Informez-vous d\u00e8s maintenant pour une gestion transparente et efficace de votre copropri\u00e9t\u00e9.&quot;\" \/>\n<meta property=\"og:url\" content=\"https:\/\/veroniquebunner.immo\/?p=200\" \/>\n<meta property=\"og:site_name\" content=\"Veroniquebunner.immo\" \/>\n<meta property=\"article:published_time\" content=\"2024-03-20T03:00:08+00:00\" \/>\n<meta property=\"article:modified_time\" content=\"2024-03-20T17:47:02+00:00\" \/>\n<meta property=\"og:image\" content=\"https:\/\/veroniquebunner.immo\/wp-content\/uploads\/2024\/01\/279-533610081-reunion-coproprietaires-mains-levees.jpg\" \/>\n\t<meta property=\"og:image:width\" content=\"730\" \/>\n\t<meta property=\"og:image:height\" content=\"340\" \/>\n\t<meta property=\"og:image:type\" content=\"image\/jpeg\" \/>\n<meta name=\"author\" content=\"admvrbimo75nlnet\" \/>\n<meta name=\"twitter:card\" content=\"summary_large_image\" \/>\n<meta name=\"twitter:label1\" content=\"\u00c9crit par\" \/>\n\t<meta name=\"twitter:data1\" content=\"admvrbimo75nlnet\" \/>\n\t<meta name=\"twitter:label2\" content=\"Dur\u00e9e de lecture estim\u00e9e\" \/>\n\t<meta name=\"twitter:data2\" content=\"5 minutes\" \/>\n<script type=\"application\/ld+json\" class=\"yoast-schema-graph\">{\"@context\":\"https:\\\/\\\/schema.org\",\"@graph\":[{\"@type\":\"Article\",\"@id\":\"https:\\\/\\\/veroniquebunner.immo\\\/?p=200#article\",\"isPartOf\":{\"@id\":\"https:\\\/\\\/veroniquebunner.immo\\\/?p=200\"},\"author\":{\"name\":\"admvrbimo75nlnet\",\"@id\":\"https:\\\/\\\/veroniquebunner.immo\\\/#\\\/schema\\\/person\\\/c011a0aaff98ca57681aa83068853aa2\"},\"headline\":\"Le R\u00f4le du Syndic dans une Copropri\u00e9t\u00e9 : Obligations et Dur\u00e9e du Mandat selon la L\u00e9gislation Fran\u00e7aise\",\"datePublished\":\"2024-03-20T03:00:08+00:00\",\"dateModified\":\"2024-03-20T17:47:02+00:00\",\"mainEntityOfPage\":{\"@id\":\"https:\\\/\\\/veroniquebunner.immo\\\/?p=200\"},\"wordCount\":1050,\"image\":{\"@id\":\"https:\\\/\\\/veroniquebunner.immo\\\/?p=200#primaryimage\"},\"thumbnailUrl\":\"https:\\\/\\\/veroniquebunner.immo\\\/wp-content\\\/uploads\\\/2024\\\/01\\\/279-533610081-reunion-coproprietaires-mains-levees.jpg\",\"articleSection\":[\"Informations g\u00e9n\u00e9rales dans le domaine de l'immobilier\"],\"inLanguage\":\"fr-FR\"},{\"@type\":\"WebPage\",\"@id\":\"https:\\\/\\\/veroniquebunner.immo\\\/?p=200\",\"url\":\"https:\\\/\\\/veroniquebunner.immo\\\/?p=200\",\"name\":\"Le R\u00f4le du Syndic dans une Copropri\u00e9t\u00e9 : Obligations et Dur\u00e9e du Mandat selon la L\u00e9gislation Fran\u00e7aise - Veroniquebunner.immo\",\"isPartOf\":{\"@id\":\"https:\\\/\\\/veroniquebunner.immo\\\/#website\"},\"primaryImageOfPage\":{\"@id\":\"https:\\\/\\\/veroniquebunner.immo\\\/?p=200#primaryimage\"},\"image\":{\"@id\":\"https:\\\/\\\/veroniquebunner.immo\\\/?p=200#primaryimage\"},\"thumbnailUrl\":\"https:\\\/\\\/veroniquebunner.immo\\\/wp-content\\\/uploads\\\/2024\\\/01\\\/279-533610081-reunion-coproprietaires-mains-levees.jpg\",\"datePublished\":\"2024-03-20T03:00:08+00:00\",\"dateModified\":\"2024-03-20T17:47:02+00:00\",\"author\":{\"@id\":\"https:\\\/\\\/veroniquebunner.immo\\\/#\\\/schema\\\/person\\\/c011a0aaff98ca57681aa83068853aa2\"},\"description\":\"\\\"D\u00e9couvrez le r\u00f4le essentiel du syndic dans une copropri\u00e9t\u00e9 : ses obligations et la dur\u00e9e de son mandat selon la l\u00e9gislation fran\u00e7aise. Informez-vous d\u00e8s maintenant pour une gestion transparente et efficace de votre copropri\u00e9t\u00e9.\\\"\",\"breadcrumb\":{\"@id\":\"https:\\\/\\\/veroniquebunner.immo\\\/?p=200#breadcrumb\"},\"inLanguage\":\"fr-FR\",\"potentialAction\":[{\"@type\":\"ReadAction\",\"target\":[\"https:\\\/\\\/veroniquebunner.immo\\\/?p=200\"]}]},{\"@type\":\"ImageObject\",\"inLanguage\":\"fr-FR\",\"@id\":\"https:\\\/\\\/veroniquebunner.immo\\\/?p=200#primaryimage\",\"url\":\"https:\\\/\\\/veroniquebunner.immo\\\/wp-content\\\/uploads\\\/2024\\\/01\\\/279-533610081-reunion-coproprietaires-mains-levees.jpg\",\"contentUrl\":\"https:\\\/\\\/veroniquebunner.immo\\\/wp-content\\\/uploads\\\/2024\\\/01\\\/279-533610081-reunion-coproprietaires-mains-levees.jpg\",\"width\":730,\"height\":340},{\"@type\":\"BreadcrumbList\",\"@id\":\"https:\\\/\\\/veroniquebunner.immo\\\/?p=200#breadcrumb\",\"itemListElement\":[{\"@type\":\"ListItem\",\"position\":1,\"name\":\"Accueil\",\"item\":\"https:\\\/\\\/veroniquebunner.immo\\\/\"},{\"@type\":\"ListItem\",\"position\":2,\"name\":\"Le R\u00f4le du Syndic dans une Copropri\u00e9t\u00e9 : Obligations et Dur\u00e9e du Mandat selon la L\u00e9gislation Fran\u00e7aise\"}]},{\"@type\":\"WebSite\",\"@id\":\"https:\\\/\\\/veroniquebunner.immo\\\/#website\",\"url\":\"https:\\\/\\\/veroniquebunner.immo\\\/\",\"name\":\"Veroniquebunner.immo\",\"description\":\"\",\"potentialAction\":[{\"@type\":\"SearchAction\",\"target\":{\"@type\":\"EntryPoint\",\"urlTemplate\":\"https:\\\/\\\/veroniquebunner.immo\\\/?s={search_term_string}\"},\"query-input\":{\"@type\":\"PropertyValueSpecification\",\"valueRequired\":true,\"valueName\":\"search_term_string\"}}],\"inLanguage\":\"fr-FR\"},{\"@type\":\"Person\",\"@id\":\"https:\\\/\\\/veroniquebunner.immo\\\/#\\\/schema\\\/person\\\/c011a0aaff98ca57681aa83068853aa2\",\"name\":\"admvrbimo75nlnet\",\"image\":{\"@type\":\"ImageObject\",\"inLanguage\":\"fr-FR\",\"@id\":\"https:\\\/\\\/secure.gravatar.com\\\/avatar\\\/8f3fe4709fdf3ac11d8342ab042fb9a0ae40fefd27e84dfd16549947b85eba0b?s=96&d=mm&r=g\",\"url\":\"https:\\\/\\\/secure.gravatar.com\\\/avatar\\\/8f3fe4709fdf3ac11d8342ab042fb9a0ae40fefd27e84dfd16549947b85eba0b?s=96&d=mm&r=g\",\"contentUrl\":\"https:\\\/\\\/secure.gravatar.com\\\/avatar\\\/8f3fe4709fdf3ac11d8342ab042fb9a0ae40fefd27e84dfd16549947b85eba0b?s=96&d=mm&r=g\",\"caption\":\"admvrbimo75nlnet\"},\"sameAs\":[\"http:\\\/\\\/veroniquebunner.immo\"],\"url\":\"https:\\\/\\\/veroniquebunner.immo\\\/?author=1\"}]}<\/script>\n<!-- \/ Yoast SEO Premium plugin. -->","yoast_head_json":{"title":"Le R\u00f4le du Syndic dans une Copropri\u00e9t\u00e9 : Obligations et Dur\u00e9e du Mandat selon la L\u00e9gislation Fran\u00e7aise - Veroniquebunner.immo","description":"\"D\u00e9couvrez le r\u00f4le essentiel du syndic dans une copropri\u00e9t\u00e9 : ses obligations et la dur\u00e9e de son mandat selon la l\u00e9gislation fran\u00e7aise. Informez-vous d\u00e8s maintenant pour une gestion transparente et efficace de votre copropri\u00e9t\u00e9.\"","robots":{"index":"index","follow":"follow","max-snippet":"max-snippet:-1","max-image-preview":"max-image-preview:large","max-video-preview":"max-video-preview:-1"},"canonical":"https:\/\/veroniquebunner.immo\/?p=200","og_locale":"fr_FR","og_type":"article","og_title":"Le R\u00f4le du Syndic dans une Copropri\u00e9t\u00e9 : Obligations et Dur\u00e9e du Mandat selon la L\u00e9gislation Fran\u00e7aise","og_description":"\"D\u00e9couvrez le r\u00f4le essentiel du syndic dans une copropri\u00e9t\u00e9 : ses obligations et la dur\u00e9e de son mandat selon la l\u00e9gislation fran\u00e7aise. Informez-vous d\u00e8s maintenant pour une gestion transparente et efficace de votre copropri\u00e9t\u00e9.\"","og_url":"https:\/\/veroniquebunner.immo\/?p=200","og_site_name":"Veroniquebunner.immo","article_published_time":"2024-03-20T03:00:08+00:00","article_modified_time":"2024-03-20T17:47:02+00:00","og_image":[{"width":730,"height":340,"url":"https:\/\/veroniquebunner.immo\/wp-content\/uploads\/2024\/01\/279-533610081-reunion-coproprietaires-mains-levees.jpg","type":"image\/jpeg"}],"author":"admvrbimo75nlnet","twitter_card":"summary_large_image","twitter_misc":{"\u00c9crit par":"admvrbimo75nlnet","Dur\u00e9e de lecture estim\u00e9e":"5 minutes"},"schema":{"@context":"https:\/\/schema.org","@graph":[{"@type":"Article","@id":"https:\/\/veroniquebunner.immo\/?p=200#article","isPartOf":{"@id":"https:\/\/veroniquebunner.immo\/?p=200"},"author":{"name":"admvrbimo75nlnet","@id":"https:\/\/veroniquebunner.immo\/#\/schema\/person\/c011a0aaff98ca57681aa83068853aa2"},"headline":"Le R\u00f4le du Syndic dans une Copropri\u00e9t\u00e9 : Obligations et Dur\u00e9e du Mandat selon la L\u00e9gislation Fran\u00e7aise","datePublished":"2024-03-20T03:00:08+00:00","dateModified":"2024-03-20T17:47:02+00:00","mainEntityOfPage":{"@id":"https:\/\/veroniquebunner.immo\/?p=200"},"wordCount":1050,"image":{"@id":"https:\/\/veroniquebunner.immo\/?p=200#primaryimage"},"thumbnailUrl":"https:\/\/veroniquebunner.immo\/wp-content\/uploads\/2024\/01\/279-533610081-reunion-coproprietaires-mains-levees.jpg","articleSection":["Informations g\u00e9n\u00e9rales dans le domaine de l'immobilier"],"inLanguage":"fr-FR"},{"@type":"WebPage","@id":"https:\/\/veroniquebunner.immo\/?p=200","url":"https:\/\/veroniquebunner.immo\/?p=200","name":"Le R\u00f4le du Syndic dans une Copropri\u00e9t\u00e9 : Obligations et Dur\u00e9e du Mandat selon la L\u00e9gislation Fran\u00e7aise - Veroniquebunner.immo","isPartOf":{"@id":"https:\/\/veroniquebunner.immo\/#website"},"primaryImageOfPage":{"@id":"https:\/\/veroniquebunner.immo\/?p=200#primaryimage"},"image":{"@id":"https:\/\/veroniquebunner.immo\/?p=200#primaryimage"},"thumbnailUrl":"https:\/\/veroniquebunner.immo\/wp-content\/uploads\/2024\/01\/279-533610081-reunion-coproprietaires-mains-levees.jpg","datePublished":"2024-03-20T03:00:08+00:00","dateModified":"2024-03-20T17:47:02+00:00","author":{"@id":"https:\/\/veroniquebunner.immo\/#\/schema\/person\/c011a0aaff98ca57681aa83068853aa2"},"description":"\"D\u00e9couvrez le r\u00f4le essentiel du syndic dans une copropri\u00e9t\u00e9 : ses obligations et la dur\u00e9e de son mandat selon la l\u00e9gislation fran\u00e7aise. Informez-vous d\u00e8s maintenant pour une gestion transparente et efficace de votre copropri\u00e9t\u00e9.\"","breadcrumb":{"@id":"https:\/\/veroniquebunner.immo\/?p=200#breadcrumb"},"inLanguage":"fr-FR","potentialAction":[{"@type":"ReadAction","target":["https:\/\/veroniquebunner.immo\/?p=200"]}]},{"@type":"ImageObject","inLanguage":"fr-FR","@id":"https:\/\/veroniquebunner.immo\/?p=200#primaryimage","url":"https:\/\/veroniquebunner.immo\/wp-content\/uploads\/2024\/01\/279-533610081-reunion-coproprietaires-mains-levees.jpg","contentUrl":"https:\/\/veroniquebunner.immo\/wp-content\/uploads\/2024\/01\/279-533610081-reunion-coproprietaires-mains-levees.jpg","width":730,"height":340},{"@type":"BreadcrumbList","@id":"https:\/\/veroniquebunner.immo\/?p=200#breadcrumb","itemListElement":[{"@type":"ListItem","position":1,"name":"Accueil","item":"https:\/\/veroniquebunner.immo\/"},{"@type":"ListItem","position":2,"name":"Le R\u00f4le du Syndic dans une Copropri\u00e9t\u00e9 : Obligations et Dur\u00e9e du Mandat selon la L\u00e9gislation Fran\u00e7aise"}]},{"@type":"WebSite","@id":"https:\/\/veroniquebunner.immo\/#website","url":"https:\/\/veroniquebunner.immo\/","name":"Veroniquebunner.immo","description":"","potentialAction":[{"@type":"SearchAction","target":{"@type":"EntryPoint","urlTemplate":"https:\/\/veroniquebunner.immo\/?s={search_term_string}"},"query-input":{"@type":"PropertyValueSpecification","valueRequired":true,"valueName":"search_term_string"}}],"inLanguage":"fr-FR"},{"@type":"Person","@id":"https:\/\/veroniquebunner.immo\/#\/schema\/person\/c011a0aaff98ca57681aa83068853aa2","name":"admvrbimo75nlnet","image":{"@type":"ImageObject","inLanguage":"fr-FR","@id":"https:\/\/secure.gravatar.com\/avatar\/8f3fe4709fdf3ac11d8342ab042fb9a0ae40fefd27e84dfd16549947b85eba0b?s=96&d=mm&r=g","url":"https:\/\/secure.gravatar.com\/avatar\/8f3fe4709fdf3ac11d8342ab042fb9a0ae40fefd27e84dfd16549947b85eba0b?s=96&d=mm&r=g","contentUrl":"https:\/\/secure.gravatar.com\/avatar\/8f3fe4709fdf3ac11d8342ab042fb9a0ae40fefd27e84dfd16549947b85eba0b?s=96&d=mm&r=g","caption":"admvrbimo75nlnet"},"sameAs":["http:\/\/veroniquebunner.immo"],"url":"https:\/\/veroniquebunner.immo\/?author=1"}]}},"jetpack_featured_media_url":"https:\/\/veroniquebunner.immo\/wp-content\/uploads\/2024\/01\/279-533610081-reunion-coproprietaires-mains-levees.jpg","jetpack_sharing_enabled":true,"_links":{"self":[{"href":"https:\/\/veroniquebunner.immo\/index.php?rest_route=\/wp\/v2\/posts\/200","targetHints":{"allow":["GET"]}}],"collection":[{"href":"https:\/\/veroniquebunner.immo\/index.php?rest_route=\/wp\/v2\/posts"}],"about":[{"href":"https:\/\/veroniquebunner.immo\/index.php?rest_route=\/wp\/v2\/types\/post"}],"author":[{"embeddable":true,"href":"https:\/\/veroniquebunner.immo\/index.php?rest_route=\/wp\/v2\/users\/1"}],"replies":[{"embeddable":true,"href":"https:\/\/veroniquebunner.immo\/index.php?rest_route=%2Fwp%2Fv2%2Fcomments&post=200"}],"version-history":[{"count":1,"href":"https:\/\/veroniquebunner.immo\/index.php?rest_route=\/wp\/v2\/posts\/200\/revisions"}],"predecessor-version":[{"id":2534,"href":"https:\/\/veroniquebunner.immo\/index.php?rest_route=\/wp\/v2\/posts\/200\/revisions\/2534"}],"wp:featuredmedia":[{"embeddable":true,"href":"https:\/\/veroniquebunner.immo\/index.php?rest_route=\/wp\/v2\/media\/2533"}],"wp:attachment":[{"href":"https:\/\/veroniquebunner.immo\/index.php?rest_route=%2Fwp%2Fv2%2Fmedia&parent=200"}],"wp:term":[{"taxonomy":"category","embeddable":true,"href":"https:\/\/veroniquebunner.immo\/index.php?rest_route=%2Fwp%2Fv2%2Fcategories&post=200"},{"taxonomy":"post_tag","embeddable":true,"href":"https:\/\/veroniquebunner.immo\/index.php?rest_route=%2Fwp%2Fv2%2Ftags&post=200"}],"curies":[{"name":"wp","href":"https:\/\/api.w.org\/{rel}","templated":true}]}}